{"id":379,"date":"2022-12-20T14:50:44","date_gmt":"2022-12-20T13:50:44","guid":{"rendered":"https:\/\/linselles-cyclisme.fr\/?p=379"},"modified":"2023-02-11T17:47:47","modified_gmt":"2023-02-11T16:47:47","slug":"sorties-club-des-mois-de-janvier-et-fevrier","status":"publish","type":"post","link":"https:\/\/linselles-cyclisme.fr\/?p=379","title":{"rendered":"Sorties club des mois de janvier et f\u00e9vrier"},"content":{"rendered":"\n<p><\/p>\n\n\n\n<p class=\"has-text-align-center\"><strong>Dimanche 01 \/ 01<\/strong><\/p>\n\n\n\n<p><span style=\"font-size: revert; color: initial;\">Lieu : Parking de l&rsquo;\u00e9cole primaire \u00e0 c\u00f4t\u00e9 du cimeti\u00e8re<\/span><\/p>\n\n\n\n<p>Objectif de la sortie : se maintenir en forme et prendre quelques calories<\/p>\n\n\n\n<p><span style=\"font-size: revert; color: initial;\">Kilom\u00e9trage : au choix selon les groupes<\/span><\/p>\n\n\n\n<p>Horaire : 9h00<\/p>\n\n\n\n<p>   <\/p>\n\n\n\n<p class=\"has-text-align-center\"><strong>Dimanche 08 \/ 01<\/strong><\/p>\n\n\n\n<p><span style=\"font-size: revert; color: initial;\">Lieu : Parking de l&rsquo;\u00e9cole primaire \u00e0 c\u00f4t\u00e9 du cimeti\u00e8re<\/span><\/p>\n\n\n\n<p>Objectif de la sortie : se maintenir en forme<\/p>\n\n\n\n<p><span style=\"font-size: revert; color: initial;\">Kilom\u00e9trage : au choix selon les groupes<\/span><\/p>\n\n\n\n<p>Horaire : 9h00<\/p>\n\n\n\n<p class=\"has-text-align-center\"><strong>Dimanche 15 \/ 01<\/strong><\/p>\n\n\n\n<p><span style=\"font-size: revert; color: initial;\">Lieu : Parking de l&rsquo;\u00e9cole primaire \u00e0 c\u00f4t\u00e9 du cimeti\u00e8re<\/span><\/p>\n\n\n\n<p>Objectif de la sortie : se maintenir en forme<\/p>\n\n\n\n<p><span style=\"font-size: revert; color: initial;\">Kilom\u00e9trage : au choix selon les groupes<\/span><\/p>\n\n\n\n<p>Horaire : 9h00<\/p>\n\n\n\n<p class=\"has-text-align-center\"><strong>Dimanche 22 \/ 01<\/strong><\/p>\n\n\n\n<p><span style=\"font-size: revert; color: initial;\">Lieu : Parking de l&rsquo;\u00e9cole primaire \u00e0 c\u00f4t\u00e9 du cimeti\u00e8re<\/span><\/p>\n\n\n\n<p>Objectif de la sortie : se maintenir en forme<\/p>\n\n\n\n<p><span style=\"font-size: revert; color: initial;\">Kilom\u00e9trage : au choix selon les groupes<\/span><\/p>\n\n\n\n<p>Horaire : 9h00<\/p>\n\n\n\n<p class=\"has-text-align-center\"><strong>Dimanche 29 \/ 01<\/strong><\/p>\n\n\n\n<p><span style=\"font-size: revert; color: initial;\">Lieu : Parking de l&rsquo;\u00e9cole primaire \u00e0 c\u00f4t\u00e9 du cimeti\u00e8re<\/span><\/p>\n\n\n\n<p>Objectif de la sortie : se maintenir en forme<\/p>\n\n\n\n<p><span style=\"font-size: revert; color: initial;\">Kilom\u00e9trage : au choix selon les groupes<\/span><\/p>\n\n\n\n<p>Horaire : 9h00<\/p>\n\n\n\n<p class=\"has-text-align-center\"><strong>Dimanche 05 \/ 02<\/strong><\/p>\n\n\n\n<p><span style=\"font-size: revert; color: initial;\">Lieu : Parking de l&rsquo;\u00e9cole primaire \u00e0 c\u00f4t\u00e9 du cimeti\u00e8re<\/span><\/p>\n\n\n\n<p>Horaire : 9h00<\/p>\n\n\n\n<p>Objectif de la sortie : se maintenir en forme<\/p>\n\n\n\n<p><span style=\"font-size: revert; color: initial;\">Kilom\u00e9trage : au choix selon les groupes<\/span><\/p>\n\n\n\n<p class=\"has-text-align-center\"><strong>Dimanche 12 \/ 02<\/strong><\/p>\n\n\n\n<p><span style=\"font-size: revert; color: initial;\">Lieu : Parking de l&rsquo;\u00e9cole primaire \u00e0 c\u00f4t\u00e9 du cimeti\u00e8re<\/span><\/p>\n\n\n\n<p>Horaire : 9h00<\/p>\n\n\n\n<p>Objectif de la sortie : se maintenir en forme<\/p>\n\n\n\n<p><span style=\"font-size: revert; color: initial;\">Kilom\u00e9trage : au choix selon les groupes<\/span><\/p>\n\n\n\n<p class=\"has-text-align-center\"><strong>Dimanche 19 \/ 02<\/strong><\/p>\n\n\n\n<p><span style=\"font-size: revert; color: initial;\">Lieu : Parking de l&rsquo;\u00e9cole primaire \u00e0 c\u00f4t\u00e9 du cimeti\u00e8re<\/span><\/p>\n\n\n\n<p>Horaire : 9h00<\/p>\n\n\n\n<p>Objectif de la sortie : se maintenir en forme<\/p>\n\n\n\n<p><span style=\"font-size: revert; color: initial;\">Kilom\u00e9trage : au choix selon les groupes<\/span><\/p>\n\n\n\n<p class=\"has-text-align-center\"><strong>Dimanche 26 \/ 02<\/strong><\/p>\n\n\n\n<p><span style=\"font-size: revert; color: initial;\">Lieu : Parking de l&rsquo;\u00e9cole primaire \u00e0 c\u00f4t\u00e9 du cimeti\u00e8re<\/span><\/p>\n\n\n\n<p>Horaire : 8h30<\/p>\n\n\n\n<p>Objectif de la sortie : Roubaix les retrouvailles ou sortie club, aux choix selon vos envies.<\/p>\n\n\n\n<blockquote class=\"wp-block-quote is-layout-flow wp-block-quote-is-layout-flow\">\n<figure class=\"wp-block-table\"><table><tbody><tr><td><strong>D\u00e9part du brevet :\u00a0<\/strong>Parc des Sports &#8211; V\u00e9lodrome (<a rel=\"noreferrer noopener\" href=\"http:\/\/bit.ly\/2YVemph\" target=\"_blank\">http:\/\/bit.ly\/2YVemph<\/a>) &#8211;\u00a0<strong>Horaire :\u00a0<\/strong>Inscr. entre 08h00\/10h00 -fin 13h30<\/td><\/tr><\/tbody><\/table><\/figure>\n<\/blockquote>\n\n\n\n<p><span style=\"font-size: revert; color: initial;\">Kilom\u00e9trage : <\/span>25 &#8211; 35 &#8211; 55 Kms<\/p>\n\n\n\n<p>Prix : 3 ou 5 euros<\/p>\n\n\n\n<p><\/p>\n\n\n\n<p><\/p>\n","protected":false},"excerpt":{"rendered":"<p>Dimanche 01 \/ 01 Lieu : Parking de l&rsquo;\u00e9cole primaire \u00e0 c\u00f4t\u00e9 du cimeti\u00e8re Objectif de la sortie : se maintenir en forme et prendre quelques calories Kilom\u00e9trage : au choix selon les groupes Horaire : 9h00 Dimanche 08 \/ 01 Lieu : Parking de l&rsquo;\u00e9cole primaire \u00e0 c\u00f4t\u00e9 du cimeti\u00e8re Objectif de la sortie : se maintenir en forme Kilom\u00e9trage : au choix selon les groupes Horaire : 9h00 Dimanche 15 \/ 01 Lieu : Parking de l&rsquo;\u00e9cole primaire&#8230;<\/p>\n<p class=\"read-more\"><a class=\"btn btn-default\" href=\"https:\/\/linselles-cyclisme.fr\/?p=379\">Lire la suite<span class=\"screen-reader-text\"> Lire la suite<\/span><\/a><\/p>\n","protected":false},"author":7,"featured_media":311,"comment_status":"open","ping_status":"","sticky":false,"template":"","format":"standard","meta":{"footnotes":""},"categories":[4,3],"tags":[],"class_list":["post-379","post","type-post","status-publish","format-standard","has-post-thumbnail","hentry","category-calendrier","category-sorties"],"_links":{"self":[{"href":"https:\/\/linselles-cyclisme.fr\/index.php?rest_route=\/wp\/v2\/posts\/379","targetHints":{"allow":["GET"]}}],"collection":[{"href":"https:\/\/linselles-cyclisme.fr\/index.php?rest_route=\/wp\/v2\/posts"}],"about":[{"href":"https:\/\/linselles-cyclisme.fr\/index.php?rest_route=\/wp\/v2\/types\/post"}],"author":[{"embeddable":true,"href":"https:\/\/linselles-cyclisme.fr\/index.php?rest_route=\/wp\/v2\/users\/7"}],"replies":[{"embeddable":true,"href":"https:\/\/linselles-cyclisme.fr\/index.php?rest_route=%2Fwp%2Fv2%2Fcomments&post=379"}],"version-history":[{"count":10,"href":"https:\/\/linselles-cyclisme.fr\/index.php?rest_route=\/wp\/v2\/posts\/379\/revisions"}],"predecessor-version":[{"id":460,"href":"https:\/\/linselles-cyclisme.fr\/index.php?rest_route=\/wp\/v2\/posts\/379\/revisions\/460"}],"wp:featuredmedia":[{"embeddable":true,"href":"https:\/\/linselles-cyclisme.fr\/index.php?rest_route=\/wp\/v2\/media\/311"}],"wp:attachment":[{"href":"https:\/\/linselles-cyclisme.fr\/index.php?rest_route=%2Fwp%2Fv2%2Fmedia&parent=379"}],"wp:term":[{"taxonomy":"category","embeddable":true,"href":"https:\/\/linselles-cyclisme.fr\/index.php?rest_route=%2Fwp%2Fv2%2Fcategories&post=379"},{"taxonomy":"post_tag","embeddable":true,"href":"https:\/\/linselles-cyclisme.fr\/index.php?rest_route=%2Fwp%2Fv2%2Ftags&post=379"}],"curies":[{"name":"wp","href":"https:\/\/api.w.org\/{rel}","templated":true}]}}