{"id":792,"date":"2024-07-31T07:50:11","date_gmt":"2024-07-31T05:50:11","guid":{"rendered":"https:\/\/linselles-cyclisme.fr\/?p=792"},"modified":"2025-05-31T08:33:06","modified_gmt":"2025-05-31T06:33:06","slug":"sorties-club-aout-2024","status":"publish","type":"post","link":"https:\/\/linselles-cyclisme.fr\/?p=792","title":{"rendered":"Sorties club Aout 2024"},"content":{"rendered":"\n<h3 class=\"wp-block-heading\">Dimanche 4 Aout<\/h3>\n\n\n\n<figure class=\"wp-block-table is-style-regular\"><table><tbody><tr><td>LIEU<\/td><td>THEME<\/td><td>KM<\/td><td>GROUPES<\/td><td>TARIF<\/td><td class=\"has-text-align-center\" data-align=\"center\">HORAIRE<\/td><\/tr><tr><td>Parking de l&rsquo;\u00e9cole<\/td><td><br><br>SORTIE CLUB<br><br><\/td><td><br><br>30-60-90 kms<br><br><\/td><td>1- 2 &#8211; 3<\/td><td>N\u00e9ant<\/td><td class=\"has-text-align-center\" data-align=\"center\">8h00<\/td><\/tr><\/tbody><\/table><\/figure>\n\n\n\n<p><\/p>\n\n\n\n<h3 class=\"wp-block-heading\">Dimanche 11 Aout<\/h3>\n\n\n\n<figure class=\"wp-block-table is-style-regular\"><table><tbody><tr><td>LIEU<\/td><td>THEME<\/td><td>KM<\/td><td>GROUPES<\/td><td>TARIF<\/td><td class=\"has-text-align-center\" data-align=\"center\">HORAIRE<\/td><\/tr><tr><td>Parking de l&rsquo;\u00e9cole<\/td><td>HOUPLINES : SOUVENIR PATRICK HANQUEZ<br><br>R-V : Complexe sportif Andr\u00e9 CLAEYS \u00ab\u00a0Salle Amandine<br>HENRI\u00a0\u00bb &#8211; Entr\u00e9e Rue Thiers<\/td><td>Route : 23 &#8211; 35 &#8211; 50 &#8211; 70 &#8211; 90 kms (fl\u00e8che orange)<br><br><\/td><td>1- 2 &#8211; 3<\/td><td>3,5 euros<\/td><td class=\"has-text-align-center\" data-align=\"center\">8h00<\/td><\/tr><\/tbody><\/table><\/figure>\n\n\n\n<p><\/p>\n\n\n\n<h3 class=\"wp-block-heading\">Jeudi 15 Aout<\/h3>\n\n\n\n<figure class=\"wp-block-table is-style-regular\"><table><tbody><tr><td>LIEU<\/td><td>THEME<\/td><td>KM<\/td><td>GROUPES<\/td><td>TARIF<\/td><td class=\"has-text-align-center\" data-align=\"center\">HORAIRE<\/td><\/tr><tr><td>Parking de l&rsquo;\u00e9cole<\/td><td>SORTIE CLUB<\/td><td>30-60-90 kms<\/td><td>1- 2 &#8211; 3<\/td><td>N\u00e9ant<\/td><td class=\"has-text-align-center\" data-align=\"center\">8h00<\/td><\/tr><\/tbody><\/table><\/figure>\n\n\n\n<p><\/p>\n\n\n\n<h3 class=\"wp-block-heading\">Dimanche 18 Aout<\/h3>\n\n\n\n<figure class=\"wp-block-table is-style-regular\"><table><tbody><tr><td>LIEU<\/td><td>THEME<\/td><td>KM<\/td><td>GROUPES<\/td><td>TARIF<\/td><td class=\"has-text-align-center\" data-align=\"center\">HORAIRE<\/td><\/tr><tr><td>Parking de l&rsquo;\u00e9cole<\/td><td>SORTIE CLUB<\/td><td>30-60-90 kms<\/td><td>1- 2 &#8211; 3 &#8211; 4<\/td><td>N\u00e9ant<\/td><td class=\"has-text-align-center\" data-align=\"center\">8h00<\/td><\/tr><\/tbody><\/table><\/figure>\n\n\n\n<h3 class=\"wp-block-heading\">Dimanche 18 Aout, pour les copains qui souhaitent organiser un d\u00e9part en voiture pour participer \u00e0 un brevet un peu plus loin que d&rsquo;habitude. Rendez vous \u00e0 7h30 \u00e0 notre parking habituel (le cimeti\u00e8re). Il faut pr\u00e9voir 40 minutes de voiture.<\/h3>\n\n\n\n<figure class=\"wp-block-table is-style-regular\"><table><tbody><tr><td>LIEU<\/td><td>THEME<\/td><td>KM<\/td><td>GROUPES<\/td><td>TARIF<\/td><td class=\"has-text-align-center\" data-align=\"center\">HORAIRE<\/td><\/tr><tr><td>Parking de l&rsquo;\u00e9cole<\/td><td>LA BASSEE : 47\u00c8ME BREVET FRANCIS POTTIER<br><br>R-V : Foyer social et culturel, 33 rue de Lille<br><\/td><td>Route : 20 &#8211; 40 &#8211; 65 &#8211; 85 kms<\/td><td>1- 2 &#8211; 3<\/td><td>3 euros<\/td><td class=\"has-text-align-center\" data-align=\"center\">7h30<\/td><\/tr><\/tbody><\/table><\/figure>\n\n\n\n<h3 class=\"wp-block-heading\">Dimanche 25 Aout<\/h3>\n\n\n\n<figure class=\"wp-block-table is-style-regular\"><table><tbody><tr><td>LIEU<\/td><td>THEME<\/td><td>KM<\/td><td>GROUPES<\/td><td>TARIF<\/td><td class=\"has-text-align-center\" data-align=\"center\">HORAIRE<\/td><\/tr><tr><td>Parking de l&rsquo;\u00e9cole<\/td><td>DEULEMONT : BREVET DE LA DUCASSE<br><br>R-V : Salle Andr\u00e9 Deckindt<br><\/td><td>Route : 30-60-80 kms<br><br>VTT : 25-35-45 kms<br><br>Marche : 8-12-18 kms<\/td><td>1- 2 &#8211; 3 &#8211; 4<\/td><td>3 euros<\/td><td class=\"has-text-align-center\" data-align=\"center\">8h00<\/td><\/tr><\/tbody><\/table><\/figure>\n\n\n\n<h3 class=\"wp-block-heading\">Samedi 31 Aout<\/h3>\n\n\n\n<figure class=\"wp-block-table is-style-regular\"><table><tbody><tr><td>LIEU<\/td><td>THEME<\/td><td>KM<\/td><td>GROUPES<\/td><td>TARIF<\/td><td class=\"has-text-align-center\" data-align=\"center\">HORAIRE<\/td><\/tr><tr><td>Parking de l&rsquo;\u00e9cole<\/td><td>ARMENTI\u00c8RES : LE CH&rsquo;TI BIKE TOUR<br><br>http:\/\/www.lechtibiketour.org<br><br>R-V : STADE LEO LAGRANGE<\/td><td>LA ROUTE DES MONTS des Hauts de France<br>&nbsp;Fermeture des inscriptions le vendredi 30 ao\u00fbt 2024 \u00e0 1h dans la limite des places disponibles.<br><br>SAMEDI 31 ao\u00fbt \u00e0 ARMENTIERES (59)<br>4 Parcours ( 50km \/ 80km \/ 110km \/ 140km )<br><br><br>LE DEFI Alive<br>&nbsp;Fermeture des inscriptions le vendredi 30 ao\u00fbt 2024 \u00e0 1h dans la limite des places disponibles.<br><br>SAMEDI 31 ao\u00fbt \u00e0 ARMENTIERES (59)<br>1 parcours de 230km<\/td><td>1- 2 &#8211; 3<\/td><td>5 euros<br>ou<br>8 euros<\/td><td class=\"has-text-align-center\" data-align=\"center\">8h00<\/td><\/tr><\/tbody><\/table><\/figure>\n\n\n\n<p class=\"has-medium-font-size\"><strong>Pour les copains qui souhaitent organiser un d\u00e9part en voiture. Rendez vous \u00e0 7h30 \u00e0 notre parking habituel. Il faut pr\u00e9voir 30 minutes de voiture.<\/strong><\/p>\n","protected":false},"excerpt":{"rendered":"<p>Dimanche 4 Aout LIEU THEME KM GROUPES TARIF HORAIRE Parking de l&rsquo;\u00e9cole SORTIE CLUB 30-60-90 kms 1- 2 &#8211; 3 N\u00e9ant 8h00 Dimanche 11 Aout LIEU THEME KM GROUPES TARIF HORAIRE Parking de l&rsquo;\u00e9cole HOUPLINES : SOUVENIR PATRICK HANQUEZ R-V : Complexe sportif Andr\u00e9 CLAEYS \u00ab\u00a0Salle AmandineHENRI\u00a0\u00bb &#8211; Entr\u00e9e Rue Thiers Route : 23 &#8211; 35 &#8211; 50 &#8211; 70 &#8211; 90 kms (fl\u00e8che orange) 1- 2 &#8211; 3 3,5 euros 8h00 Jeudi 15 Aout LIEU THEME KM GROUPES TARIF&#8230;<\/p>\n<p class=\"read-more\"><a class=\"btn btn-default\" href=\"https:\/\/linselles-cyclisme.fr\/?p=792\">Lire la suite<span class=\"screen-reader-text\"> Lire la suite<\/span><\/a><\/p>\n","protected":false},"author":7,"featured_media":0,"comment_status":"open","ping_status":"closed","sticky":false,"template":"","format":"standard","meta":{"footnotes":""},"categories":[1],"tags":[],"class_list":["post-792","post","type-post","status-publish","format-standard","hentry","category-non-classe"],"_links":{"self":[{"href":"https:\/\/linselles-cyclisme.fr\/index.php?rest_route=\/wp\/v2\/posts\/792","targetHints":{"allow":["GET"]}}],"collection":[{"href":"https:\/\/linselles-cyclisme.fr\/index.php?rest_route=\/wp\/v2\/posts"}],"about":[{"href":"https:\/\/linselles-cyclisme.fr\/index.php?rest_route=\/wp\/v2\/types\/post"}],"author":[{"embeddable":true,"href":"https:\/\/linselles-cyclisme.fr\/index.php?rest_route=\/wp\/v2\/users\/7"}],"replies":[{"embeddable":true,"href":"https:\/\/linselles-cyclisme.fr\/index.php?rest_route=%2Fwp%2Fv2%2Fcomments&post=792"}],"version-history":[{"count":10,"href":"https:\/\/linselles-cyclisme.fr\/index.php?rest_route=\/wp\/v2\/posts\/792\/revisions"}],"predecessor-version":[{"id":802,"href":"https:\/\/linselles-cyclisme.fr\/index.php?rest_route=\/wp\/v2\/posts\/792\/revisions\/802"}],"wp:attachment":[{"href":"https:\/\/linselles-cyclisme.fr\/index.php?rest_route=%2Fwp%2Fv2%2Fmedia&parent=792"}],"wp:term":[{"taxonomy":"category","embeddable":true,"href":"https:\/\/linselles-cyclisme.fr\/index.php?rest_route=%2Fwp%2Fv2%2Fcategories&post=792"},{"taxonomy":"post_tag","embeddable":true,"href":"https:\/\/linselles-cyclisme.fr\/index.php?rest_route=%2Fwp%2Fv2%2Ftags&post=792"}],"curies":[{"name":"wp","href":"https:\/\/api.w.org\/{rel}","templated":true}]}}