{"id":811,"date":"2024-08-29T07:27:55","date_gmt":"2024-08-29T05:27:55","guid":{"rendered":"https:\/\/linselles-cyclisme.fr\/?p=811"},"modified":"2025-02-24T17:22:16","modified_gmt":"2025-02-24T16:22:16","slug":"sorties-club-septembre-2024","status":"publish","type":"post","link":"https:\/\/linselles-cyclisme.fr\/?p=811","title":{"rendered":"Sorties club Septembre 2024"},"content":{"rendered":"\n<h3 class=\"wp-block-heading\">Dimanche 1 Septembre<\/h3>\n\n\n\n<figure class=\"wp-block-table is-style-regular\"><table><tbody><tr><td>LIEU<\/td><td>THEME<\/td><td>KM<\/td><td>GROUPES<\/td><td>TARIF<\/td><td class=\"has-text-align-center\" data-align=\"center\">HORAIRE<\/td><\/tr><tr><td>Parking de la salle Jacques Brel<\/td><td>MARQUETTE LEZ LILLE<br><br>R-V : Salle du \u00ab\u00a0domaine du vert bois\u00a0\u00bb, rue Lalau \u00e0 Marquette lez Lille<br><\/td><td>&nbsp;35-60-90-120 kms<\/td><td>1- 2 &#8211; 3 &#8211; 4<\/td><td>4 euros<\/td><td class=\"has-text-align-center\" data-align=\"center\">8h00<\/td><\/tr><\/tbody><\/table><\/figure>\n\n\n\n<p><\/p>\n\n\n\n<p><strong>N&rsquo;oubliez pas la course de Linselles. Nos coureurs vont tenter de remporter la victoire. Venez les supporter nombreux. <\/strong><\/p>\n\n\n\n<p><strong>Tout coup de main pour installer des barri\u00e8res ou retirer des barri\u00e8res apr\u00e8s la course est le bienvenue.  On compte sur vous et votre grande g\u00e9n\u00e9rosit\u00e9. <\/strong><\/p>\n\n\n\n<p><\/p>\n\n\n\n<h3 class=\"wp-block-heading\">Dimanche 8 Septembre<\/h3>\n\n\n\n<figure class=\"wp-block-table is-style-regular\"><table><tbody><tr><td>LIEU<\/td><td>THEME<\/td><td>KM<\/td><td>GROUPES<\/td><td>TARIF<\/td><td class=\"has-text-align-center\" data-align=\"center\">HORAIRE<\/td><\/tr><tr><td>Parking de la salle Jacques Brel<\/td><td>FLEURBAIX : 36\u00c8ME BREVET DE LA DUCASSE \u00ab\u00a0VERS MORBECQUE ET STEENBECQUE\u00a0\u00bb<br><br>R-V : Centre Socio-Culturel 12 rue Du Quesne<br><br>Loterie avec un VTT \u00e0 gagner &#8211; Tous d\u00e9tails sur site <br>http:\/\/cycloclubdefleurbaix.free<\/td><td>&nbsp;&nbsp;4 parcours de 22 \u00e0 83km<\/td><td>1- 2 &#8211; 3 &#8211; 4<\/td><td>3 euros<\/td><td class=\"has-text-align-center\" data-align=\"center\">8h00<\/td><\/tr><\/tbody><\/table><\/figure>\n\n\n\n<p class=\"has-medium-font-size\"><\/p>\n\n\n\n<h3 class=\"wp-block-heading\">Dimanche 15 Septembre<\/h3>\n\n\n\n<figure class=\"wp-block-table is-style-regular\"><table><tbody><tr><td>LIEU<\/td><td>THEME<\/td><td>KM<\/td><td>GROUPES<\/td><td>TARIF<\/td><td class=\"has-text-align-center\" data-align=\"center\">HORAIRE<\/td><\/tr><tr><td>Parking de la salle Jacques Brel<\/td><td>SORTIE CLUB<\/td><td>30-60-90 kms<\/td><td>1- 2 &#8211; 3 &#8211; 4<\/td><td>N\u00e9ant<\/td><td class=\"has-text-align-center\" data-align=\"center\">8h00<\/td><\/tr><\/tbody><\/table><\/figure>\n\n\n\n<h3 class=\"wp-block-heading\">Dimanche 22 Septembre<\/h3>\n\n\n\n<figure class=\"wp-block-table is-style-regular\"><table><tbody><tr><td>LIEU<\/td><td>THEME<\/td><td>KM<\/td><td>GROUPES<\/td><td>TARIF<\/td><td class=\"has-text-align-center\" data-align=\"center\">HORAIRE<\/td><\/tr><tr><td>Parking de la salle Jacques Brel<\/td><td>QUESNOY SUR DEULE : BREVET DE LA ST MICHEL<br><br>R-V : Salle Festi&rsquo;Val, rue de Lille (face \u00e0 D\u00e9ch\u00e8terie)<br><\/td><td>30-60-90 kms<\/td><td>1- 2 &#8211; 3 &#8211; 4<\/td><td>3 euros<\/td><td class=\"has-text-align-center\" data-align=\"center\">8h00<\/td><\/tr><\/tbody><\/table><\/figure>\n\n\n\n<p class=\"has-medium-font-size\"><\/p>\n\n\n\n<h3 class=\"wp-block-heading\">Dimanche 29 Septembre<\/h3>\n\n\n\n<figure class=\"wp-block-table is-style-regular\"><table><tbody><tr><td>LIEU<\/td><td>THEME<\/td><td>KM<\/td><td>GROUPES<\/td><td>TARIF<\/td><td class=\"has-text-align-center\" data-align=\"center\">HORAIRE<\/td><\/tr><tr><td>Parking de la salle Jacques Brel<\/td><td>SORTIE CLUB<\/td><td>30-60-90 kms<\/td><td>1- 2 &#8211; 3 &#8211; 4<\/td><td>N\u00e9ant<\/td><td class=\"has-text-align-center\" data-align=\"center\">8h00<\/td><\/tr><\/tbody><\/table><\/figure>\n\n\n\n<p><\/p>\n","protected":false},"excerpt":{"rendered":"<p>Dimanche 1 Septembre LIEU THEME KM GROUPES TARIF HORAIRE Parking de la salle Jacques Brel MARQUETTE LEZ LILLE R-V : Salle du \u00ab\u00a0domaine du vert bois\u00a0\u00bb, rue Lalau \u00e0 Marquette lez Lille &nbsp;35-60-90-120 kms 1- 2 &#8211; 3 &#8211; 4 4 euros 8h00 N&rsquo;oubliez pas la course de Linselles. Nos coureurs vont tenter de remporter la victoire. Venez les supporter nombreux. Tout coup de main pour installer des barri\u00e8res ou retirer des barri\u00e8res apr\u00e8s la course est le bienvenue. On&#8230;<\/p>\n<p class=\"read-more\"><a class=\"btn btn-default\" href=\"https:\/\/linselles-cyclisme.fr\/?p=811\">Lire la suite<span class=\"screen-reader-text\"> Lire la suite<\/span><\/a><\/p>\n","protected":false},"author":7,"featured_media":0,"comment_status":"open","ping_status":"closed","sticky":false,"template":"","format":"standard","meta":{"footnotes":""},"categories":[3],"tags":[],"class_list":["post-811","post","type-post","status-publish","format-standard","hentry","category-sorties"],"_links":{"self":[{"href":"https:\/\/linselles-cyclisme.fr\/index.php?rest_route=\/wp\/v2\/posts\/811","targetHints":{"allow":["GET"]}}],"collection":[{"href":"https:\/\/linselles-cyclisme.fr\/index.php?rest_route=\/wp\/v2\/posts"}],"about":[{"href":"https:\/\/linselles-cyclisme.fr\/index.php?rest_route=\/wp\/v2\/types\/post"}],"author":[{"embeddable":true,"href":"https:\/\/linselles-cyclisme.fr\/index.php?rest_route=\/wp\/v2\/users\/7"}],"replies":[{"embeddable":true,"href":"https:\/\/linselles-cyclisme.fr\/index.php?rest_route=%2Fwp%2Fv2%2Fcomments&post=811"}],"version-history":[{"count":12,"href":"https:\/\/linselles-cyclisme.fr\/index.php?rest_route=\/wp\/v2\/posts\/811\/revisions"}],"predecessor-version":[{"id":823,"href":"https:\/\/linselles-cyclisme.fr\/index.php?rest_route=\/wp\/v2\/posts\/811\/revisions\/823"}],"wp:attachment":[{"href":"https:\/\/linselles-cyclisme.fr\/index.php?rest_route=%2Fwp%2Fv2%2Fmedia&parent=811"}],"wp:term":[{"taxonomy":"category","embeddable":true,"href":"https:\/\/linselles-cyclisme.fr\/index.php?rest_route=%2Fwp%2Fv2%2Fcategories&post=811"},{"taxonomy":"post_tag","embeddable":true,"href":"https:\/\/linselles-cyclisme.fr\/index.php?rest_route=%2Fwp%2Fv2%2Ftags&post=811"}],"curies":[{"name":"wp","href":"https:\/\/api.w.org\/{rel}","templated":true}]}}